{"id":3309,"date":"2020-07-14T19:20:34","date_gmt":"2020-07-14T19:20:34","guid":{"rendered":"https:\/\/www.peorparaelsol.es\/?p=3309"},"modified":"2020-07-15T19:26:57","modified_gmt":"2020-07-15T19:26:57","slug":"presentadas-las-7a-jornadas-sabina-por-aqui-2020-en-ubeda","status":"publish","type":"post","link":"https:\/\/www.peorparaelsol.es\/index.php\/2020\/07\/14\/presentadas-las-7a-jornadas-sabina-por-aqui-2020-en-ubeda\/","title":{"rendered":"Presentadas las 7\u00aa Jornadas \u00abSabina por aqu\u00ed\u00bb 2020 en \u00dabeda"},"content":{"rendered":"<p>Presentamos hoy las S\u00e9ptimas Jornadas Sabina por aqu\u00ed, las primeras de la nueva normalidad como en alg\u00fan momento dijimos. Llegamos a ellas gracias al apoyo y fidelidad de nuestros patrocinadores, muy principalmente el de nuestro ayuntamiento, y colaboradores pero tambi\u00e9n a la voluntad entusiasta de nuestro colectivo de llevarlas a cabo. Y tengo que decirles que fue una decisi\u00f3n tomada en las primeras semanas de confinamiento, en los d\u00edas en los que se ven\u00edan abajo tantos proyectos culturales en nuestro pa\u00eds, en los que el ma\u00f1ana era una l\u00ednea difusa y apenas marcada. En aquel marzo, tan lejano y tan cercano, pensamos que este septiembre pr\u00f3ximo ser\u00eda mejor, que el panorama estar\u00eda m\u00e1s claro. Salimos a nuestra radio entonces para anunciar ese ma\u00f1ana con abrazos que est\u00e1 a\u00fan por llegar, que casi lo tocamos ya con los dedos de la mano, no con el codo de la cautela a\u00fan necesaria. As\u00ed que aqu\u00ed estamos para presentar estas jornadas adaptadas a los tiempos en que pudimos programarlas y a las circunstancias tan especiales por las que a\u00fan transitamos.<\/p>\n<p>Por eso los espacios para su desarrollo han cambiado pues la seguridad y confianza de quienes vayan a asistir es nuestra primera preocupaci\u00f3n. Las conferencias ser\u00e1n en la iglesia de san Lorenzo, no en la sacrist\u00eda o sobresacrist\u00eda como era costumbre. La iglesia nos permitir\u00e1 alcanzar un aforo de 80 personas. Y la plaza de toros ser\u00e1 el de los tres conciertos programados.<\/p>\n<p>Iniciaremos las Jornadas con una exposici\u00f3n de dibujos de <strong>Luis P\u00e9rez Ortiz<\/strong>, m\u00e1s conocido como <strong>LPO<\/strong>. Es pintor, ilustrador, practicante tambi\u00e9n del dibujo r\u00e1pido. Semanalmente ilustra noticias de calado en el diario El Mundo. Es tambi\u00e9n novelista. Presentar\u00e1 una colecci\u00f3n de obras que ha titulado Pan\u00f3ptica, lo que nos da ya una idea de su amplio repertorio t\u00e9cnico y tem\u00e1tico. Dos conferencias muy centradas en Sabina.<\/p>\n<p>La de <strong>Justo Zamarro<\/strong>, en su obra, la de Jes\u00fas Vicente Aguirre en su biograf\u00eda particular y enmarcada en la primera \u00e9poca p\u00fablica de nuestro paisano. Ciudad Sabina. Gu\u00eda b\u00e1sica para sabineros es el t\u00edtulo del excelente libro de Zamarro sobre la obra del artista. Zamarro, que ejerce la docencia de la lengua espa\u00f1ola en Viena, ha construido una obra que el propio Joaqu\u00edn aprecia y admira. <strong>Jes\u00fas Aguirre<\/strong>, responsable de que Sabina compusiera canciones propias, padrino de los primeros conciertos en Espa\u00f1a a su vuelta de Londres, nos llevar\u00e1 a un tiempo preciso y concreto de la vida del cantautor.<\/p>\n<p>En el marco de nuestro convenio con la UNED tendremos a <strong>Javier Garc\u00eda Rodriguez<\/strong>, profesor de la Uni. De Oviedo, es un excelente conocedor de la canci\u00f3n de autor espa\u00f1ola, muy especialmente de Krahe, Aute y Sabina as\u00ed como de los cantautores en habla inglesa m\u00e1s influyentes. Dylan o Cohen. Yo les aconsejar\u00eda seguir sus articulos quincenales en El Peri\u00f3dico de Catalu\u00f1a, por el simple disfrute de leer su prosa tan l\u00facida como endiablada. Aqu\u00ed disertar\u00e1 sobre Joacohen Sabina, as\u00ed que podr\u00e1n imaginar.<\/p>\n<p>Y abrimos una nueva serie que promete ser larga: Versos Roba(2). Versos robados ser\u00e1 un di\u00e1logo po\u00e9ticos entre dos personalidades, paisanos nuestros, residentes en Ubeda o Pernanbuco que son, como a m\u00ed me gusta llamarlos otros sabinas, amigos y amigas ubetenses que brillan en campos muy diversos de las artes, del derecho, de la docencia, de la empresa&#8230;Les pediremos que hablen entre ellos a trav\u00e9s de sus versos preferidos, de los poetas que disfrutan\u2026 Para iniciar esta serie hemos invitado a <strong>Juan Jos\u00e9 Almagro<\/strong> y <strong>Jos\u00e9 Luis Villaca\u00f1as<\/strong>, que tanto monta monta tanto, cuyos m\u00e9ritos no creo que sea necesario detallarles. Creemos que los campos de trabajo tan distintos en los que Juan Jos\u00e9 y Jos\u00e9 Luis operan har\u00e1 su tertulia m\u00e1s que atractiva e interesante. Y creo que aprenderemos porque siempre abren caminos de soluci\u00f3n en sus intervenciones p\u00fablicas.<\/p>\n<p>El cap\u00edtulo de conciertos ser\u00e1 una muestra m\u00e1s que ilustrativa de por donde va la canci\u00f3n de autor en nuestros d\u00edas. Son tres direcciones distintas, pero con elementos comunes, del interesante momento de la canci\u00f3n de autor espa\u00f1ola.<\/p>\n<p><strong>Los Hermanos Cubero<\/strong>, enraizados en la m\u00fasica popular espa\u00f1ola, representan ese tipo de canci\u00f3n que partiendo de una tem\u00e1tica cercana y compartida busca una manera musical para expresarla que se encuadra en la american music, pero volviendo siempre hacia nuestra tierra. <strong>MrKilombo<\/strong> es pura energ\u00eda que contagia. Practica como otros muchos un tipo de canci\u00f3n que navega por diferentes formas. En formaci\u00f3n de cuarteto nos ofrecer\u00e1 un gran concierto. Y para el final una especie de traca de color, de luz, de aire libre, de libertad expresiva en suma: <strong>Rodrigo Cuevas<\/strong>. El se define a si mismo como agitador folcl\u00f3rico y as\u00ed es, no miente. Bebe, como los Cubero, en sus ra\u00edces m\u00e1s cercanas, en su caso la m\u00fasica tradicional asturiana, pero pronto vuela hacia expresiones renovadoras muy firmes. Fuerza pura y compromiso.<\/p>\n<p>Tal vez sea esta palabra precisamente, compromiso, la que no solo vincule a nuestros artistas invitados sino tambi\u00e9n a nuestro Colectivo con nuestra ciudad a trav\u00e9s de la exposici\u00f3n p\u00fablica de unas formas de cultura nobles y hermosas. Una cultura que, como los sanitarios en este tiempo pasado tan dif\u00edcil, que agradec\u00edamos en el mensaje publicitario al que hac\u00eda referencia al principio de mi intervenci\u00f3n, es, la cultura digo, tambi\u00e9n ahora y ma\u00f1ana siempre necesaria. Y a\u00f1adir\u00eda que, tambi\u00e9n urgente. As\u00ed que \u00a1vamos!<\/p>\n<p>El cartel de nuestro compa\u00f1ero Nono se centra este a\u00f1o en la mano de seis dedos del joaquinote nuestro. Creo que de tanto uso del zoom para hablar entre nosotros, tan usado en este tiempo de confinamiento, le ha jugado una mala pasada a Nono que, efectivamente, consciente o no ha puesto el dedo en la llaga, ha apuesto el ojo en este irreverente gesto que tanto nos gusta, por otra parte.<\/p>\n","protected":false},"excerpt":{"rendered":"<p>Presentamos hoy las S\u00e9ptimas Jornadas Sabina por aqu\u00ed, las primeras de la nueva normalidad como en alg\u00fan momento dijimos. Llegamos a ellas gracias al apoyo y fidelidad de nuestros patrocinadores, muy principalmente el de nuestro ayuntamiento, y colaboradores pero tambi\u00e9n a la voluntad entusiasta de nuestro colectivo de llevarlas a cabo. Y tengo que decirles [&hellip;]<\/p>\n","protected":false},"author":2,"featured_media":3310,"comment_status":"open","ping_status":"open","sticky":false,"template":"","format":"standard","meta":{"_et_pb_use_builder":"","_et_pb_old_content":"","_et_gb_content_width":"","footnotes":""},"categories":[6,32],"tags":[],"class_list":["post-3309","post","type-post","status-publish","format-standard","has-post-thumbnail","hentry","category-blog","category-jornadas-sabina-por-aqui"],"_links":{"self":[{"href":"https:\/\/www.peorparaelsol.es\/index.php\/wp-json\/wp\/v2\/posts\/3309","targetHints":{"allow":["GET"]}}],"collection":[{"href":"https:\/\/www.peorparaelsol.es\/index.php\/wp-json\/wp\/v2\/posts"}],"about":[{"href":"https:\/\/www.peorparaelsol.es\/index.php\/wp-json\/wp\/v2\/types\/post"}],"author":[{"embeddable":true,"href":"https:\/\/www.peorparaelsol.es\/index.php\/wp-json\/wp\/v2\/users\/2"}],"replies":[{"embeddable":true,"href":"https:\/\/www.peorparaelsol.es\/index.php\/wp-json\/wp\/v2\/comments?post=3309"}],"version-history":[{"count":3,"href":"https:\/\/www.peorparaelsol.es\/index.php\/wp-json\/wp\/v2\/posts\/3309\/revisions"}],"predecessor-version":[{"id":3316,"href":"https:\/\/www.peorparaelsol.es\/index.php\/wp-json\/wp\/v2\/posts\/3309\/revisions\/3316"}],"wp:featuredmedia":[{"embeddable":true,"href":"https:\/\/www.peorparaelsol.es\/index.php\/wp-json\/wp\/v2\/media\/3310"}],"wp:attachment":[{"href":"https:\/\/www.peorparaelsol.es\/index.php\/wp-json\/wp\/v2\/media?parent=3309"}],"wp:term":[{"taxonomy":"category","embeddable":true,"href":"https:\/\/www.peorparaelsol.es\/index.php\/wp-json\/wp\/v2\/categories?post=3309"},{"taxonomy":"post_tag","embeddable":true,"href":"https:\/\/www.peorparaelsol.es\/index.php\/wp-json\/wp\/v2\/tags?post=3309"}],"curies":[{"name":"wp","href":"https:\/\/api.w.org\/{rel}","templated":true}]}}