{"id":3326,"date":"2020-08-31T09:35:16","date_gmt":"2020-08-31T09:35:16","guid":{"rendered":"https:\/\/www.peorparaelsol.es\/?p=3326"},"modified":"2021-03-23T21:43:32","modified_gmt":"2021-03-23T21:43:32","slug":"panoptica-exposicion-de-luis-perez-ortiz-lpo","status":"publish","type":"post","link":"https:\/\/www.peorparaelsol.es\/index.php\/2020\/08\/31\/panoptica-exposicion-de-luis-perez-ortiz-lpo\/","title":{"rendered":"PAN\u00d3PTICA, exposici\u00f3n de luis P\u00e9rez Ortiz (LPO)"},"content":{"rendered":"<p>Ayer tuvo lugar la inauguraci\u00f3n de la magn\u00edfica exposici\u00f3n PAN\u00d3PTICA de LPO en la sacrist\u00eda de San Lorenzo, desde el 29 de agosto hasta el 12 de octubre podemos disfrutar de esta exposici\u00f3n.<\/p>\n<p>Luis P\u00e9rez Ortiz (LPO) nacido en Le\u00f3n,\u00a0 en 1957, es licenciado en Bellas Artes y Filosof\u00eda.\u00a0Desde 1975 publica ilustraciones en las p\u00e1ginas de opini\u00f3n de peri\u00f3dicos y revistas (<i>El Independiente, Diario 16, Intervi\u00fa<\/i>\u00a0o\u00a0<i>El Mundo) y\u00a0<\/i>caricaturas de escritores en\u00a0<i>Revista de Libros<\/i>. Desde 1987 y durante tres a\u00f1os realiza una treinta de c\u00f3mics en la revista\u00a0<i>Madriz<\/i>, trabajo que contin\u00faa en\u00a0<i>M21 Magazine<\/i>.<\/p>\n<p>Luis P\u00e9rez escribe, en la actualidad, art\u00edculos\u00a0sobre cultura de la imagen en la revista\u00a0<i>Visual<\/i>, as\u00ed como cr\u00edticas de cine en<i>\u00a0FilmAffinity<\/i>\u00a0bajo el seud\u00f3nimo de Archilupo. Y es autor de las novelas\u00a0<i>La escondida senda<\/i>\u00a0(1998),\u00a0<i>Apuntes de Malpa\u00eds<\/i>\u00a0 y\u00a0<i>Balneario de almas<\/i>, entre otras, para la editorial Lengua de Trapo.<\/p>\n<p><strong>PAN\u00d3PTICA<\/strong>.<\/p>\n<p>\u201cCuando se elogia que algo se diga \u00abde modo muy gr\u00e1fico\u00bb es porque consigue transmitir una idea con tal fuerza y claridad que se entiende de golpe, parecido a un fogonazo, como ocurre con las im\u00e1genes cargadas de pensamiento, m\u00e1s iluminadoras que ilustrativas: m\u00e1s all\u00e1 de meramente acompa\u00f1ar dando lustre y brillo, encienden una chispa en el cerebro.<\/p>\n<p>Publiqu\u00e9 por primera vez un dibujo en enero de 1975. Ni entonces ni ahora preve\u00eda hacer carrera profesional como dibujante. Segu\u00ed publicando aqu\u00ed y all\u00e1, en peri\u00f3dicos, revistas, editoriales&#8230;<\/p>\n<p>Dibujo ahora c\u00f3mics, como hice en el mensual \u00abMADRIZ\u00bb de los tiempos de la Movida, y adem\u00e1s\u00a0me he ido especializando en ilustrar art\u00edculos de Opini\u00f3n y en retratar o caricaturizar a escritores y escritoras. Me\u00a0ha tocado, y por algo ser\u00e1: traducir textos a imagen, descifrar rostros de autores de textos.<\/p>\n<p>En ese largo camino trato de ahondar el pensamiento visual, que busca decirlo todo de una vez con una profundidad sencilla y vertiginosa, como los fil\u00f3sofos-poetas que precedieron a S\u00f3crates y en un conciso fragmento quer\u00edan sintetizar\u00a0el universo, igual que en el retrato o caricatura que sale bien el rostro sintetiza a la persona, y con ello las l\u00edneas quieren resumir el todo, ser gr\u00e1fica del universo: ser Pan\u00f3ptica\u201d.<\/p>\n<p>Luis P\u00e9rez Ortiz (LPO), agosto de 2020<\/p>\n<p><img loading=\"lazy\" decoding=\"async\" class=\"alignnone size-medium wp-image-3329\" src=\"https:\/\/www.peorparaelsol.es\/wp-content\/uploads\/2020\/08\/expo-panoptica-1-300x225.jpeg\" alt=\"\" width=\"300\" height=\"225\" \/><\/p>\n<p><img loading=\"lazy\" decoding=\"async\" class=\"alignnone size-medium wp-image-3331\" src=\"https:\/\/www.peorparaelsol.es\/wp-content\/uploads\/2020\/08\/expo-panoptica-2-300x225.jpeg\" alt=\"\" width=\"300\" height=\"225\" \/><\/p>\n<p><img loading=\"lazy\" decoding=\"async\" class=\"alignnone size-medium wp-image-3330\" src=\"https:\/\/www.peorparaelsol.es\/wp-content\/uploads\/2020\/08\/expo-panoptica-3-300x225.jpeg\" alt=\"\" width=\"300\" height=\"225\" \/><\/p>\n<p>&nbsp;<\/p>\n","protected":false},"excerpt":{"rendered":"<p>Ayer tuvo lugar la inauguraci\u00f3n de la magn\u00edfica exposici\u00f3n PAN\u00d3PTICA de LPO en la sacrist\u00eda de San Lorenzo, desde el 29 de agosto hasta el 12 de octubre podemos disfrutar de esta exposici\u00f3n. Luis P\u00e9rez Ortiz (LPO) nacido en Le\u00f3n,\u00a0 en 1957, es licenciado en Bellas Artes y Filosof\u00eda.\u00a0Desde 1975 publica ilustraciones en las p\u00e1ginas [&hellip;]<\/p>\n","protected":false},"author":2,"featured_media":3327,"comment_status":"open","ping_status":"open","sticky":false,"template":"","format":"standard","meta":{"_et_pb_use_builder":"","_et_pb_old_content":"","_et_gb_content_width":"","footnotes":""},"categories":[6,32],"tags":[],"class_list":["post-3326","post","type-post","status-publish","format-standard","has-post-thumbnail","hentry","category-blog","category-jornadas-sabina-por-aqui"],"_links":{"self":[{"href":"https:\/\/www.peorparaelsol.es\/index.php\/wp-json\/wp\/v2\/posts\/3326","targetHints":{"allow":["GET"]}}],"collection":[{"href":"https:\/\/www.peorparaelsol.es\/index.php\/wp-json\/wp\/v2\/posts"}],"about":[{"href":"https:\/\/www.peorparaelsol.es\/index.php\/wp-json\/wp\/v2\/types\/post"}],"author":[{"embeddable":true,"href":"https:\/\/www.peorparaelsol.es\/index.php\/wp-json\/wp\/v2\/users\/2"}],"replies":[{"embeddable":true,"href":"https:\/\/www.peorparaelsol.es\/index.php\/wp-json\/wp\/v2\/comments?post=3326"}],"version-history":[{"count":2,"href":"https:\/\/www.peorparaelsol.es\/index.php\/wp-json\/wp\/v2\/posts\/3326\/revisions"}],"predecessor-version":[{"id":3361,"href":"https:\/\/www.peorparaelsol.es\/index.php\/wp-json\/wp\/v2\/posts\/3326\/revisions\/3361"}],"wp:featuredmedia":[{"embeddable":true,"href":"https:\/\/www.peorparaelsol.es\/index.php\/wp-json\/wp\/v2\/media\/3327"}],"wp:attachment":[{"href":"https:\/\/www.peorparaelsol.es\/index.php\/wp-json\/wp\/v2\/media?parent=3326"}],"wp:term":[{"taxonomy":"category","embeddable":true,"href":"https:\/\/www.peorparaelsol.es\/index.php\/wp-json\/wp\/v2\/categories?post=3326"},{"taxonomy":"post_tag","embeddable":true,"href":"https:\/\/www.peorparaelsol.es\/index.php\/wp-json\/wp\/v2\/tags?post=3326"}],"curies":[{"name":"wp","href":"https:\/\/api.w.org\/{rel}","templated":true}]}}