{"id":3338,"date":"2020-09-23T19:11:32","date_gmt":"2020-09-23T19:11:32","guid":{"rendered":"https:\/\/www.peorparaelsol.es\/?p=3338"},"modified":"2020-09-26T19:45:14","modified_gmt":"2020-09-26T19:45:14","slug":"vicente-aguirre-y-las-canciones-ineditas-de-joaquin-sabina","status":"publish","type":"post","link":"https:\/\/www.peorparaelsol.es\/index.php\/2020\/09\/23\/vicente-aguirre-y-las-canciones-ineditas-de-joaquin-sabina\/","title":{"rendered":"Vicente Aguirre y las canciones in\u00e9ditas de Joaqu\u00edn Sabina"},"content":{"rendered":"<p>VII Jornadas <em><strong>Sabina por aqu\u00ed<\/strong><\/em>. Vicente Aguirre nos habla de las canciones in\u00e9ditas de Joaqu\u00edn Sabina en sus inicios.<\/p>\n<p><iframe loading=\"lazy\" src=\"https:\/\/www.youtube.com\/embed\/6zDcCmKrU1Q\" width=\"560\" height=\"315\" frameborder=\"0\" allowfullscreen=\"allowfullscreen\"><\/iframe><\/p>\n","protected":false},"excerpt":{"rendered":"<p>VII Jornadas Sabina por aqu\u00ed. Vicente Aguirre nos habla de las canciones in\u00e9ditas de Joaqu\u00edn Sabina en sus inicios.<\/p>\n","protected":false},"author":2,"featured_media":3342,"comment_status":"open","ping_status":"open","sticky":false,"template":"","format":"standard","meta":{"_et_pb_use_builder":"","_et_pb_old_content":"","_et_gb_content_width":"","footnotes":""},"categories":[6,32],"tags":[],"class_list":["post-3338","post","type-post","status-publish","format-standard","has-post-thumbnail","hentry","category-blog","category-jornadas-sabina-por-aqui"],"_links":{"self":[{"href":"https:\/\/www.peorparaelsol.es\/index.php\/wp-json\/wp\/v2\/posts\/3338","targetHints":{"allow":["GET"]}}],"collection":[{"href":"https:\/\/www.peorparaelsol.es\/index.php\/wp-json\/wp\/v2\/posts"}],"about":[{"href":"https:\/\/www.peorparaelsol.es\/index.php\/wp-json\/wp\/v2\/types\/post"}],"author":[{"embeddable":true,"href":"https:\/\/www.peorparaelsol.es\/index.php\/wp-json\/wp\/v2\/users\/2"}],"replies":[{"embeddable":true,"href":"https:\/\/www.peorparaelsol.es\/index.php\/wp-json\/wp\/v2\/comments?post=3338"}],"version-history":[{"count":2,"href":"https:\/\/www.peorparaelsol.es\/index.php\/wp-json\/wp\/v2\/posts\/3338\/revisions"}],"predecessor-version":[{"id":3340,"href":"https:\/\/www.peorparaelsol.es\/index.php\/wp-json\/wp\/v2\/posts\/3338\/revisions\/3340"}],"wp:featuredmedia":[{"embeddable":true,"href":"https:\/\/www.peorparaelsol.es\/index.php\/wp-json\/wp\/v2\/media\/3342"}],"wp:attachment":[{"href":"https:\/\/www.peorparaelsol.es\/index.php\/wp-json\/wp\/v2\/media?parent=3338"}],"wp:term":[{"taxonomy":"category","embeddable":true,"href":"https:\/\/www.peorparaelsol.es\/index.php\/wp-json\/wp\/v2\/categories?post=3338"},{"taxonomy":"post_tag","embeddable":true,"href":"https:\/\/www.peorparaelsol.es\/index.php\/wp-json\/wp\/v2\/tags?post=3338"}],"curies":[{"name":"wp","href":"https:\/\/api.w.org\/{rel}","templated":true}]}}