{"id":3507,"date":"2021-08-05T16:57:05","date_gmt":"2021-08-05T16:57:05","guid":{"rendered":"https:\/\/www.peorparaelsol.es\/?p=3507"},"modified":"2021-08-05T16:57:05","modified_gmt":"2021-08-05T16:57:05","slug":"luis-eduardo-aute-me-va-la-vida-en-ello","status":"publish","type":"post","link":"https:\/\/www.peorparaelsol.es\/index.php\/2021\/08\/05\/luis-eduardo-aute-me-va-la-vida-en-ello\/","title":{"rendered":"Luis Eduardo Aute \u201cMe va la vida en ello\u201d"},"content":{"rendered":"<p>Cierto que hui de los fastos y los oropeles<br \/>\nY que jam\u00e1s puse en venta ninguna quimera<br \/>\nSiempre evit\u00e9 ser un s\u00fabdito de los laureles<br \/>\nPorque vivir era un v\u00e9rtigo y no una carrera<\/p>\n<p>Pero quiero que me digas, amor<br \/>\nQue no todo fue naufragar<br \/>\nPor haber cre\u00eddo que amar<br \/>\nEra el verbo m\u00e1s bello<br \/>\nD\u00edmelo<br \/>\nMe va la vida en ello<br \/>\nMe va la vida en ello, oh<\/p>\n<p>Cierto que no prescind\u00ed de ning\u00fan laberinto<br \/>\nQue amenazara con un callej\u00f3n sin salida<br \/>\nAnte otro \u00abm\u00e1s de lo mismo\u00bb cre\u00ed en lo distinto<br \/>\nPorque vivir era b\u00fasqueda y no una guarida<\/p>\n<p>Pero quiero que me digas, amor<br \/>\nQue no todo fue naufragar<br \/>\nPor haber cre\u00eddo que amar<br \/>\nEra el verbo m\u00e1s bello<br \/>\nD\u00edmelo<br \/>\nMe va la vida en ello<br \/>\nMe va la vida en ello, oh<\/p>\n<p>Cierto que cuando aprend\u00ed que la vida iba en serio<br \/>\nQuise quemarla de prisa jugando con fuego<br \/>\nY me abras\u00e9 defendiendo mi propio criterio<br \/>\nPorque vivir era m\u00e1s que unas reglas en juego<\/p>\n<p>Pero quiero que me digas, amor<br \/>\nQue no todo fue naufragar<br \/>\nPor haber cre\u00eddo que amar<br \/>\nEra el verbo m\u00e1s bello<br \/>\nD\u00edmelo<br \/>\nMe va la vida en ello<br \/>\nMe va la vida en ello, oohhh<\/p>\n<p><strong><em>\u00a0\u00a0\u00a0\u00a0\u00a0\u00a0\u00a0\u00a0\u00a0\u00a0\u00a0 Luis Eduardo Aute \u201cMe va la vida en ello\u201d<\/em><\/strong><\/p>\n","protected":false},"excerpt":{"rendered":"<p>Cierto que hui de los fastos y los oropeles Y que jam\u00e1s puse en venta ninguna quimera Siempre evit\u00e9 ser un s\u00fabdito de los laureles Porque vivir era un v\u00e9rtigo y no una carrera Pero quiero que me digas, amor Que no todo fue naufragar Por haber cre\u00eddo que amar Era el verbo m\u00e1s bello [&hellip;]<\/p>\n","protected":false},"author":2,"featured_media":0,"comment_status":"open","ping_status":"open","sticky":false,"template":"","format":"standard","meta":{"_et_pb_use_builder":"","_et_pb_old_content":"","_et_gb_content_width":"","footnotes":""},"categories":[6,32],"tags":[],"class_list":["post-3507","post","type-post","status-publish","format-standard","hentry","category-blog","category-jornadas-sabina-por-aqui"],"_links":{"self":[{"href":"https:\/\/www.peorparaelsol.es\/index.php\/wp-json\/wp\/v2\/posts\/3507","targetHints":{"allow":["GET"]}}],"collection":[{"href":"https:\/\/www.peorparaelsol.es\/index.php\/wp-json\/wp\/v2\/posts"}],"about":[{"href":"https:\/\/www.peorparaelsol.es\/index.php\/wp-json\/wp\/v2\/types\/post"}],"author":[{"embeddable":true,"href":"https:\/\/www.peorparaelsol.es\/index.php\/wp-json\/wp\/v2\/users\/2"}],"replies":[{"embeddable":true,"href":"https:\/\/www.peorparaelsol.es\/index.php\/wp-json\/wp\/v2\/comments?post=3507"}],"version-history":[{"count":1,"href":"https:\/\/www.peorparaelsol.es\/index.php\/wp-json\/wp\/v2\/posts\/3507\/revisions"}],"predecessor-version":[{"id":3508,"href":"https:\/\/www.peorparaelsol.es\/index.php\/wp-json\/wp\/v2\/posts\/3507\/revisions\/3508"}],"wp:attachment":[{"href":"https:\/\/www.peorparaelsol.es\/index.php\/wp-json\/wp\/v2\/media?parent=3507"}],"wp:term":[{"taxonomy":"category","embeddable":true,"href":"https:\/\/www.peorparaelsol.es\/index.php\/wp-json\/wp\/v2\/categories?post=3507"},{"taxonomy":"post_tag","embeddable":true,"href":"https:\/\/www.peorparaelsol.es\/index.php\/wp-json\/wp\/v2\/tags?post=3507"}],"curies":[{"name":"wp","href":"https:\/\/api.w.org\/{rel}","templated":true}]}}