{"id":3772,"date":"2023-06-13T19:28:22","date_gmt":"2023-06-13T19:28:22","guid":{"rendered":"https:\/\/www.peorparaelsol.es\/?p=3772"},"modified":"2023-06-13T19:49:00","modified_gmt":"2023-06-13T19:49:00","slug":"depedro-en-concierto-dentro-de-las-x-jornadas-sabina-por-aqui","status":"publish","type":"post","link":"https:\/\/www.peorparaelsol.es\/index.php\/2023\/06\/13\/depedro-en-concierto-dentro-de-las-x-jornadas-sabina-por-aqui\/","title":{"rendered":"Depedro en Concierto dentro de las X Jornadas Sabina por aqu\u00ed"},"content":{"rendered":"<p>[et_pb_section fb_built=\u00bb1&#8243; _builder_version=\u00bb4.16&#8243; global_colors_info=\u00bb{}\u00bb][et_pb_row _builder_version=\u00bb4.16&#8243; background_size=\u00bbinitial\u00bb background_position=\u00bbtop_left\u00bb background_repeat=\u00bbrepeat\u00bb global_colors_info=\u00bb{}\u00bb][et_pb_column type=\u00bb4_4&#8243; _builder_version=\u00bb4.16&#8243; custom_padding=\u00bb|||\u00bb global_colors_info=\u00bb{}\u00bb custom_padding__hover=\u00bb|||\u00bb][et_pb_text _builder_version=\u00bb4.16&#8243; background_size=\u00bbinitial\u00bb background_position=\u00bbtop_left\u00bb background_repeat=\u00bbrepeat\u00bb global_colors_info=\u00bb{}\u00bb]Depedro es el proyecto musical de Jairo Zavala, un proyecto transfronterizo que ha volcado influencias musicales, est\u00e9ticas y culturaes en Latinoam\u00e9rica, \u00c1frica, el Mediterr\u00e1neo o EEUU. Sus giras le han llevado por los cinco continentes y sus discos est\u00e1n publicados en m\u00e1s de 30 pa\u00edses. Sus colaboraciones con m\u00fasicos de todo el mundo en diferentes idiomas es uno de los sellos de identidad del artista.<\/p>\n<p>Su \u00faltimo trabajo, cuya gira desembarcar\u00e1 en \u00dabeda el 1 de septiembre, es \u201cM\u00e1quina de piedad\u201d, un disco que se acerca a un Depedro con una humanidad sincera y emp\u00e1tica. Se sostiene sobre un eje firme: sus dotes naturales, basados en la energ\u00eda y el \u00e1nimo, est\u00e1n presentes. No es un disco de desaz\u00f3n o redenci\u00f3n, es un \u00e1lbum que trabaja sobre la experiencia consciente. Sobre el puro presente que nos aborda. Por encima de pandemias, de crisis, de ansiedades, la vida contin\u00faa. As\u00ed lo canta Jairo en \u201cM\u00e1quina de piedad\u201d: \u201cy cuando vuelva a rugir la vida\/y cuando el miedo se quede sin guaridas\/ag\u00e1rrate a mis huesos\/que siguen en pie\/luchando por ti\u201d. Una canci\u00f3n compuesta en tiempos de confinamiento pantalla contra pantalla de Guille Galv\u00e1n, de Vetusta Morla, la banda que dio el empuj\u00f3n a Jairo para ser Depedro.<\/p>\n<p>\u201cM\u00e1quina de piedad\u201d llega despu\u00e9s de millones y millones de plays y streams en \u201cTodo va a salir bien\u201d, el disco en el que Depedro ajustaba cuentas con su repertorio. Ahora, que vuelve a rugir la vida, Jairo no se esconde, pero esta vez no va a pecho descubierto. Se ha enguatado el alma para golpear en unos tiempos de contienda constante donde no se puede bajar la guardia al presente.<\/p>\n<p><strong>D\u00eda 1 de septiembre<\/strong><\/p>\n<p><strong>a las 21:00 horas<\/strong><\/p>\n<p><strong>en La Iglesia de San Lorenzo<\/strong><\/p>\n<p><strong>de \u00dabeda<\/strong><br \/>\n[\/et_pb_text][et_pb_button _builder_version=\u00bb4.21.0&#8243; _module_preset=\u00bbdefault\u00bb button_text=\u00bbCompra tu entrada\u00bb button_url=\u00bbhttps:\/\/entradium.com\/es\/events\/jornadas-sabina-por-aqui-concierto-depedro\u00bb url_new_window=\u00bbon\u00bb hover_enabled=\u00bb0&#8243; sticky_enabled=\u00bb0&#8243;][\/et_pb_button][\/et_pb_column][\/et_pb_row][\/et_pb_section]<\/p>\n","protected":false},"excerpt":{"rendered":"<p>Depedro es el proyecto musical de Jairo Zavala, un proyecto transfronterizo que ha volcado influencias musicales, est\u00e9ticas y culturaes en Latinoam\u00e9rica, \u00c1frica, el Mediterr\u00e1neo o EEUU. Sus giras le han llevado por los cinco continentes y sus discos est\u00e1n publicados en m\u00e1s de 30 pa\u00edses. Sus colaboraciones con m\u00fasicos de todo el mundo en diferentes [&hellip;]<\/p>\n","protected":false},"author":2,"featured_media":3761,"comment_status":"open","ping_status":"open","sticky":false,"template":"","format":"standard","meta":{"_et_pb_use_builder":"on","_et_pb_old_content":"<p>Depedro es el proyecto musical de Jairo Zavala, un proyecto transfronterizo que ha volcado influencias musicales, est\u00e9ticas y culturaes en Latinoam\u00e9rica, \u00c1frica, el Mediterr\u00e1neo o EEUU. Sus giras le han llevado por los cinco continentes y sus discos est\u00e1n publicados en m\u00e1s de 30 pa\u00edses. Sus colaboraciones con m\u00fasicos de todo el mundo en diferentes idiomas es uno de los sellos de identidad del artista.<\/p><p>Su \u00faltimo trabajo, cuya gira desembarcar\u00e1 en \u00dabeda el 1 de septiembre, es \u201cM\u00e1quina de piedad\u201d, un disco que se acerca a un Depedro con una humanidad sincera y emp\u00e1tica. Se sostiene sobre un eje firme: sus dotes naturales, basados en la energ\u00eda y el \u00e1nimo, est\u00e1n presentes. No es un disco de desaz\u00f3n o redenci\u00f3n, es un \u00e1lbum que trabaja sobre la experiencia consciente. Sobre el puro presente que nos aborda. Por encima de pandemias, de crisis, de ansiedades, la vida contin\u00faa. As\u00ed lo canta Jairo en \u201cM\u00e1quina de piedad\u201d: \u201cy cuando vuelva a rugir la vida\/y cuando el miedo se quede sin guaridas\/ag\u00e1rrate a mis huesos\/que siguen en pie\/luchando por ti\u201d. Una canci\u00f3n compuesta en tiempos de confinamiento pantalla contra pantalla de Guille Galv\u00e1n, de Vetusta Morla, la banda que dio el empuj\u00f3n a Jairo para ser Depedro.<\/p><p>\u201cM\u00e1quina de piedad\u201d llega despu\u00e9s de millones y millones de plays y streams en \u201cTodo va a salir bien\u201d, el disco en el que Depedro ajustaba cuentas con su repertorio. Ahora, que vuelve a rugir la vida, Jairo no se esconde, pero esta vez no va a pecho descubierto. Se ha enguatado el alma para golpear en unos tiempos de contienda constante donde no se puede bajar la guardia al presente.<\/p><p><strong>D\u00eda 1 de septiembre<\/strong><\/p><p><strong>a las 21:00 horas<\/strong><\/p><p><strong>en La Iglesia de San Lorenzo<\/strong><\/p><p><strong>de \u00dabeda<\/strong><\/p>","_et_gb_content_width":"","footnotes":""},"categories":[6,32],"tags":[],"class_list":["post-3772","post","type-post","status-publish","format-standard","has-post-thumbnail","hentry","category-blog","category-jornadas-sabina-por-aqui"],"_links":{"self":[{"href":"https:\/\/www.peorparaelsol.es\/index.php\/wp-json\/wp\/v2\/posts\/3772","targetHints":{"allow":["GET"]}}],"collection":[{"href":"https:\/\/www.peorparaelsol.es\/index.php\/wp-json\/wp\/v2\/posts"}],"about":[{"href":"https:\/\/www.peorparaelsol.es\/index.php\/wp-json\/wp\/v2\/types\/post"}],"author":[{"embeddable":true,"href":"https:\/\/www.peorparaelsol.es\/index.php\/wp-json\/wp\/v2\/users\/2"}],"replies":[{"embeddable":true,"href":"https:\/\/www.peorparaelsol.es\/index.php\/wp-json\/wp\/v2\/comments?post=3772"}],"version-history":[{"count":3,"href":"https:\/\/www.peorparaelsol.es\/index.php\/wp-json\/wp\/v2\/posts\/3772\/revisions"}],"predecessor-version":[{"id":3783,"href":"https:\/\/www.peorparaelsol.es\/index.php\/wp-json\/wp\/v2\/posts\/3772\/revisions\/3783"}],"wp:featuredmedia":[{"embeddable":true,"href":"https:\/\/www.peorparaelsol.es\/index.php\/wp-json\/wp\/v2\/media\/3761"}],"wp:attachment":[{"href":"https:\/\/www.peorparaelsol.es\/index.php\/wp-json\/wp\/v2\/media?parent=3772"}],"wp:term":[{"taxonomy":"category","embeddable":true,"href":"https:\/\/www.peorparaelsol.es\/index.php\/wp-json\/wp\/v2\/categories?post=3772"},{"taxonomy":"post_tag","embeddable":true,"href":"https:\/\/www.peorparaelsol.es\/index.php\/wp-json\/wp\/v2\/tags?post=3772"}],"curies":[{"name":"wp","href":"https:\/\/api.w.org\/{rel}","templated":true}]}}