{"id":3774,"date":"2023-06-13T19:31:48","date_gmt":"2023-06-13T19:31:48","guid":{"rendered":"https:\/\/www.peorparaelsol.es\/?p=3774"},"modified":"2023-06-13T19:49:21","modified_gmt":"2023-06-13T19:49:21","slug":"sara-raez-en-concierto-dentro-de-las-x-jornadas-sabina-por-aqui","status":"publish","type":"post","link":"https:\/\/www.peorparaelsol.es\/index.php\/2023\/06\/13\/sara-raez-en-concierto-dentro-de-las-x-jornadas-sabina-por-aqui\/","title":{"rendered":"Sara R\u00e1ez en concierto dentro de las X Jornadas Sabina  por aqu\u00ed"},"content":{"rendered":"<p>[et_pb_section fb_built=\u00bb1&#8243; _builder_version=\u00bb4.16&#8243; global_colors_info=\u00bb{}\u00bb][et_pb_row _builder_version=\u00bb4.16&#8243; background_size=\u00bbinitial\u00bb background_position=\u00bbtop_left\u00bb background_repeat=\u00bbrepeat\u00bb global_colors_info=\u00bb{}\u00bb][et_pb_column type=\u00bb4_4&#8243; _builder_version=\u00bb4.16&#8243; custom_padding=\u00bb|||\u00bb global_colors_info=\u00bb{}\u00bb custom_padding__hover=\u00bb|||\u00bb][et_pb_text _builder_version=\u00bb4.16&#8243; background_size=\u00bbinitial\u00bb background_position=\u00bbtop_left\u00bb background_repeat=\u00bbrepeat\u00bb global_colors_info=\u00bb{}\u00bb]Sara R\u00e1ez estar\u00e1 en las X Jornadas Sabina por aqu\u00ed, que se celebrar\u00e1n en \u00dabeda del 31 de agosto al 9 de septiembre.<\/p>\n<p>Sara R\u00e1ez, una artista que siempre tuvo claro que su vida ser\u00eda la m\u00fasica. Toca la guitarra desde los 8 a\u00f1os y desde que a los 13 cant\u00f3 por primera vez en p\u00fablico, su m\u00fasica no ha parado de rodar. En su estilo pop de toques intimistas se dejan ver sus ra\u00edces andaluzas. Con 3 discos de estudio en el mercado y multitud de colaboraciones con artistas como Pedro Guerra, Manuel Carrasco, Andr\u00e9s Su\u00e1rez o Pablo L\u00f3pez, desde 2014 Sara R\u00e1ez es una artista habitual de salas como Libertad 8, B\u00faho Real o la m\u00edtica Clamores de Madrid, donde consigui\u00f3 un lleno absoluto en la presentaci\u00f3n de su \u00faltimo trabajo. Su voz y su manera de decir cada canci\u00f3n apuntan a una sensibilidad diferente, resumiendo toda su esencia a una sola palabra: \u201cemoci\u00f3n\u201d.<\/p>\n<p>Sara R\u00e1ez volver\u00e1 a su \u00dabeda natal, a su barrio, a presentar su nuevo trabajo, un LP que ver\u00e1 la luz de forma inminente.<\/p>\n<p>&nbsp;<\/p>\n<p>&nbsp;<\/p>\n<p>8 de septiembre de 2023<\/p>\n<p>a las 21:00 horas<\/p>\n<p>en el Palacio Angu\u00eds Medinilla<\/p>\n<p>de \u00dabeda<br \/>\n[\/et_pb_text][et_pb_button button_url=\u00bbhttps:\/\/entradium.com\/es\/events\/jornadas-sabina-por-aqui-concierto-sara-raez\u00bb url_new_window=\u00bbon\u00bb button_text=\u00bbcompra tu entrada\u00bb _builder_version=\u00bb4.21.0&#8243; _module_preset=\u00bbdefault\u00bb global_colors_info=\u00bb{}\u00bb][\/et_pb_button][\/et_pb_column][\/et_pb_row][\/et_pb_section]<\/p>\n","protected":false},"excerpt":{"rendered":"<p>Sara R\u00e1ez estar\u00e1 en las X Jornadas Sabina por aqu\u00ed, que se celebrar\u00e1n en \u00dabeda del 31 de agosto al 9 de septiembre. Sara R\u00e1ez, una artista que siempre tuvo claro que su vida ser\u00eda la m\u00fasica. Toca la guitarra desde los 8 a\u00f1os y desde que a los 13 cant\u00f3 por primera vez en [&hellip;]<\/p>\n","protected":false},"author":2,"featured_media":3762,"comment_status":"open","ping_status":"open","sticky":false,"template":"","format":"standard","meta":{"_et_pb_use_builder":"on","_et_pb_old_content":"<p>Sara R\u00e1ez estar\u00e1 en las X Jornadas Sabina por aqu\u00ed, que se celebrar\u00e1n en \u00dabeda del 31 de agosto al 9 de septiembre.<\/p><p>Sara R\u00e1ez, una artista que siempre tuvo claro que su vida ser\u00eda la m\u00fasica. Toca la guitarra desde los 8 a\u00f1os y desde que a los 13 cant\u00f3 por primera vez en p\u00fablico, su m\u00fasica no ha parado de rodar. En su estilo pop de toques intimistas se dejan ver sus ra\u00edces andaluzas. Con 3 discos de estudio en el mercado y multitud de colaboraciones con artistas como Pedro Guerra, Manuel Carrasco, Andr\u00e9s Su\u00e1rez o Pablo L\u00f3pez, desde 2014 Sara R\u00e1ez es una artista habitual de salas como Libertad 8, B\u00faho Real o la m\u00edtica Clamores de Madrid, donde consigui\u00f3 un lleno absoluto en la presentaci\u00f3n de su \u00faltimo trabajo. Su voz y su manera de decir cada canci\u00f3n apuntan a una sensibilidad diferente, resumiendo toda su esencia a una sola palabra: \u201cemoci\u00f3n\u201d.<\/p><p>Sara R\u00e1ez volver\u00e1 a su \u00dabeda natal, a su barrio, a presentar su nuevo trabajo, un LP que ver\u00e1 la luz de forma inminente.<\/p><p>\u00a0<\/p><p>\u00a0<\/p><p>8 de septiembre de 2023<\/p><p>a las 21:00 horas<\/p><p>en el Palacio Angu\u00eds Medinilla<\/p><p>de \u00dabeda<\/p>","_et_gb_content_width":"","footnotes":""},"categories":[6,32],"tags":[],"class_list":["post-3774","post","type-post","status-publish","format-standard","has-post-thumbnail","hentry","category-blog","category-jornadas-sabina-por-aqui"],"_links":{"self":[{"href":"https:\/\/www.peorparaelsol.es\/index.php\/wp-json\/wp\/v2\/posts\/3774","targetHints":{"allow":["GET"]}}],"collection":[{"href":"https:\/\/www.peorparaelsol.es\/index.php\/wp-json\/wp\/v2\/posts"}],"about":[{"href":"https:\/\/www.peorparaelsol.es\/index.php\/wp-json\/wp\/v2\/types\/post"}],"author":[{"embeddable":true,"href":"https:\/\/www.peorparaelsol.es\/index.php\/wp-json\/wp\/v2\/users\/2"}],"replies":[{"embeddable":true,"href":"https:\/\/www.peorparaelsol.es\/index.php\/wp-json\/wp\/v2\/comments?post=3774"}],"version-history":[{"count":5,"href":"https:\/\/www.peorparaelsol.es\/index.php\/wp-json\/wp\/v2\/posts\/3774\/revisions"}],"predecessor-version":[{"id":3784,"href":"https:\/\/www.peorparaelsol.es\/index.php\/wp-json\/wp\/v2\/posts\/3774\/revisions\/3784"}],"wp:featuredmedia":[{"embeddable":true,"href":"https:\/\/www.peorparaelsol.es\/index.php\/wp-json\/wp\/v2\/media\/3762"}],"wp:attachment":[{"href":"https:\/\/www.peorparaelsol.es\/index.php\/wp-json\/wp\/v2\/media?parent=3774"}],"wp:term":[{"taxonomy":"category","embeddable":true,"href":"https:\/\/www.peorparaelsol.es\/index.php\/wp-json\/wp\/v2\/categories?post=3774"},{"taxonomy":"post_tag","embeddable":true,"href":"https:\/\/www.peorparaelsol.es\/index.php\/wp-json\/wp\/v2\/tags?post=3774"}],"curies":[{"name":"wp","href":"https:\/\/api.w.org\/{rel}","templated":true}]}}