{"id":3895,"date":"2023-08-30T19:55:36","date_gmt":"2023-08-30T19:55:36","guid":{"rendered":"https:\/\/www.peorparaelsol.es\/?p=3895"},"modified":"2023-09-04T19:58:22","modified_gmt":"2023-09-04T19:58:22","slug":"exposicion-de-belin-en-las-x-jornadas-sabina-por-aqui","status":"publish","type":"post","link":"https:\/\/www.peorparaelsol.es\/index.php\/2023\/08\/30\/exposicion-de-belin-en-las-x-jornadas-sabina-por-aqui\/","title":{"rendered":"Exposici\u00f3n de Belin en las X Jornadas Sabina por aqu\u00ed"},"content":{"rendered":"<p>Exposici\u00f3n de Belin en las X Jornadas Sabina por aqu\u00ed, en la nave de la Iglesia de San Lorenzo de \u00dabeda. Del 29 de agosto al 15 de octubre de 2023<\/p>\n<p><iframe loading=\"lazy\" title=\"Exposici\u00f3n de Belin , inauguraci\u00f3n dentro de las X Jornadas Sabina por aqu\u00ed.\" width=\"1080\" height=\"608\" src=\"https:\/\/www.youtube.com\/embed\/2EXg-_9_jh0?feature=oembed\"  allow=\"accelerometer; autoplay; clipboard-write; encrypted-media; gyroscope; picture-in-picture; web-share\" allowfullscreen><\/iframe><\/p>\n","protected":false},"excerpt":{"rendered":"<p>Exposici\u00f3n de Belin en las X Jornadas Sabina por aqu\u00ed, en la nave de la Iglesia de San Lorenzo de \u00dabeda. Del 29 de agosto al 15 de octubre de 2023<\/p>\n","protected":false},"author":2,"featured_media":3877,"comment_status":"open","ping_status":"open","sticky":false,"template":"","format":"standard","meta":{"_et_pb_use_builder":"","_et_pb_old_content":"","_et_gb_content_width":"","footnotes":""},"categories":[6,32],"tags":[],"class_list":["post-3895","post","type-post","status-publish","format-standard","has-post-thumbnail","hentry","category-blog","category-jornadas-sabina-por-aqui"],"_links":{"self":[{"href":"https:\/\/www.peorparaelsol.es\/index.php\/wp-json\/wp\/v2\/posts\/3895","targetHints":{"allow":["GET"]}}],"collection":[{"href":"https:\/\/www.peorparaelsol.es\/index.php\/wp-json\/wp\/v2\/posts"}],"about":[{"href":"https:\/\/www.peorparaelsol.es\/index.php\/wp-json\/wp\/v2\/types\/post"}],"author":[{"embeddable":true,"href":"https:\/\/www.peorparaelsol.es\/index.php\/wp-json\/wp\/v2\/users\/2"}],"replies":[{"embeddable":true,"href":"https:\/\/www.peorparaelsol.es\/index.php\/wp-json\/wp\/v2\/comments?post=3895"}],"version-history":[{"count":1,"href":"https:\/\/www.peorparaelsol.es\/index.php\/wp-json\/wp\/v2\/posts\/3895\/revisions"}],"predecessor-version":[{"id":3896,"href":"https:\/\/www.peorparaelsol.es\/index.php\/wp-json\/wp\/v2\/posts\/3895\/revisions\/3896"}],"wp:featuredmedia":[{"embeddable":true,"href":"https:\/\/www.peorparaelsol.es\/index.php\/wp-json\/wp\/v2\/media\/3877"}],"wp:attachment":[{"href":"https:\/\/www.peorparaelsol.es\/index.php\/wp-json\/wp\/v2\/media?parent=3895"}],"wp:term":[{"taxonomy":"category","embeddable":true,"href":"https:\/\/www.peorparaelsol.es\/index.php\/wp-json\/wp\/v2\/categories?post=3895"},{"taxonomy":"post_tag","embeddable":true,"href":"https:\/\/www.peorparaelsol.es\/index.php\/wp-json\/wp\/v2\/tags?post=3895"}],"curies":[{"name":"wp","href":"https:\/\/api.w.org\/{rel}","templated":true}]}}