{"id":3898,"date":"2023-09-01T20:01:19","date_gmt":"2023-09-01T20:01:19","guid":{"rendered":"https:\/\/www.peorparaelsol.es\/?p=3898"},"modified":"2023-09-04T20:03:30","modified_gmt":"2023-09-04T20:03:30","slug":"concierto-de-lia-sampai-en-las-x-jornadas-sabina-por-aqui-de-ubeda","status":"publish","type":"post","link":"https:\/\/www.peorparaelsol.es\/index.php\/2023\/09\/01\/concierto-de-lia-sampai-en-las-x-jornadas-sabina-por-aqui-de-ubeda\/","title":{"rendered":"Concierto de Lia Sampai en las X Jornadas Sabina por aqu\u00ed de \u00dabeda"},"content":{"rendered":"<p>Concierto de Lia Sampai en las X Jornadas Sabina por aqu\u00ed, celebrado el d\u00eda 31 de agosto de 2023 en el Palacio Angu\u00eds Medinilla de \u00dabeda.<\/p>\n<p><iframe loading=\"lazy\" title=\"REC10   Sabina por Aqu\u00ed   L\u00eda Sampai 01 09 2023\" width=\"1080\" height=\"608\" src=\"https:\/\/www.youtube.com\/embed\/FVHnUp0brzg?feature=oembed\"  allow=\"accelerometer; autoplay; clipboard-write; encrypted-media; gyroscope; picture-in-picture; web-share\" allowfullscreen><\/iframe><\/p>\n","protected":false},"excerpt":{"rendered":"<p>Concierto de Lia Sampai en las X Jornadas Sabina por aqu\u00ed, celebrado el d\u00eda 31 de agosto de 2023 en el Palacio Angu\u00eds Medinilla de \u00dabeda.<\/p>\n","protected":false},"author":2,"featured_media":3861,"comment_status":"open","ping_status":"open","sticky":false,"template":"","format":"standard","meta":{"_et_pb_use_builder":"","_et_pb_old_content":"","_et_gb_content_width":"","footnotes":""},"categories":[6,32],"tags":[],"class_list":["post-3898","post","type-post","status-publish","format-standard","has-post-thumbnail","hentry","category-blog","category-jornadas-sabina-por-aqui"],"_links":{"self":[{"href":"https:\/\/www.peorparaelsol.es\/index.php\/wp-json\/wp\/v2\/posts\/3898","targetHints":{"allow":["GET"]}}],"collection":[{"href":"https:\/\/www.peorparaelsol.es\/index.php\/wp-json\/wp\/v2\/posts"}],"about":[{"href":"https:\/\/www.peorparaelsol.es\/index.php\/wp-json\/wp\/v2\/types\/post"}],"author":[{"embeddable":true,"href":"https:\/\/www.peorparaelsol.es\/index.php\/wp-json\/wp\/v2\/users\/2"}],"replies":[{"embeddable":true,"href":"https:\/\/www.peorparaelsol.es\/index.php\/wp-json\/wp\/v2\/comments?post=3898"}],"version-history":[{"count":1,"href":"https:\/\/www.peorparaelsol.es\/index.php\/wp-json\/wp\/v2\/posts\/3898\/revisions"}],"predecessor-version":[{"id":3899,"href":"https:\/\/www.peorparaelsol.es\/index.php\/wp-json\/wp\/v2\/posts\/3898\/revisions\/3899"}],"wp:featuredmedia":[{"embeddable":true,"href":"https:\/\/www.peorparaelsol.es\/index.php\/wp-json\/wp\/v2\/media\/3861"}],"wp:attachment":[{"href":"https:\/\/www.peorparaelsol.es\/index.php\/wp-json\/wp\/v2\/media?parent=3898"}],"wp:term":[{"taxonomy":"category","embeddable":true,"href":"https:\/\/www.peorparaelsol.es\/index.php\/wp-json\/wp\/v2\/categories?post=3898"},{"taxonomy":"post_tag","embeddable":true,"href":"https:\/\/www.peorparaelsol.es\/index.php\/wp-json\/wp\/v2\/tags?post=3898"}],"curies":[{"name":"wp","href":"https:\/\/api.w.org\/{rel}","templated":true}]}}