{"id":3905,"date":"2023-09-04T20:14:27","date_gmt":"2023-09-04T20:14:27","guid":{"rendered":"https:\/\/www.peorparaelsol.es\/?p=3905"},"modified":"2023-09-04T20:14:27","modified_gmt":"2023-09-04T20:14:27","slug":"la-agrupacion-musical-ubetense-amu-toca-a-sabina","status":"publish","type":"post","link":"https:\/\/www.peorparaelsol.es\/index.php\/2023\/09\/04\/la-agrupacion-musical-ubetense-amu-toca-a-sabina\/","title":{"rendered":"La Agrupaci\u00f3n Musical Ubetense AMU toca a Sabina"},"content":{"rendered":"<p><iframe loading=\"lazy\" title=\"El caj\u00f3n de Diez TV 2023 - Tributo a Joaqu\u00edn Sabina. Agrupaci\u00f3n Musical Ubetense. (3-9-23)\" width=\"1080\" height=\"608\" src=\"https:\/\/www.youtube.com\/embed\/Z76rMVjO4Fg?feature=oembed\"  allow=\"accelerometer; autoplay; clipboard-write; encrypted-media; gyroscope; picture-in-picture; web-share\" allowfullscreen><\/iframe><\/p>\n","protected":false},"excerpt":{"rendered":"","protected":false},"author":2,"featured_media":3906,"comment_status":"open","ping_status":"open","sticky":false,"template":"","format":"standard","meta":{"_et_pb_use_builder":"","_et_pb_old_content":"","_et_gb_content_width":"","footnotes":""},"categories":[6,32],"tags":[],"class_list":["post-3905","post","type-post","status-publish","format-standard","has-post-thumbnail","hentry","category-blog","category-jornadas-sabina-por-aqui"],"_links":{"self":[{"href":"https:\/\/www.peorparaelsol.es\/index.php\/wp-json\/wp\/v2\/posts\/3905","targetHints":{"allow":["GET"]}}],"collection":[{"href":"https:\/\/www.peorparaelsol.es\/index.php\/wp-json\/wp\/v2\/posts"}],"about":[{"href":"https:\/\/www.peorparaelsol.es\/index.php\/wp-json\/wp\/v2\/types\/post"}],"author":[{"embeddable":true,"href":"https:\/\/www.peorparaelsol.es\/index.php\/wp-json\/wp\/v2\/users\/2"}],"replies":[{"embeddable":true,"href":"https:\/\/www.peorparaelsol.es\/index.php\/wp-json\/wp\/v2\/comments?post=3905"}],"version-history":[{"count":1,"href":"https:\/\/www.peorparaelsol.es\/index.php\/wp-json\/wp\/v2\/posts\/3905\/revisions"}],"predecessor-version":[{"id":3907,"href":"https:\/\/www.peorparaelsol.es\/index.php\/wp-json\/wp\/v2\/posts\/3905\/revisions\/3907"}],"wp:featuredmedia":[{"embeddable":true,"href":"https:\/\/www.peorparaelsol.es\/index.php\/wp-json\/wp\/v2\/media\/3906"}],"wp:attachment":[{"href":"https:\/\/www.peorparaelsol.es\/index.php\/wp-json\/wp\/v2\/media?parent=3905"}],"wp:term":[{"taxonomy":"category","embeddable":true,"href":"https:\/\/www.peorparaelsol.es\/index.php\/wp-json\/wp\/v2\/categories?post=3905"},{"taxonomy":"post_tag","embeddable":true,"href":"https:\/\/www.peorparaelsol.es\/index.php\/wp-json\/wp\/v2\/tags?post=3905"}],"curies":[{"name":"wp","href":"https:\/\/api.w.org\/{rel}","templated":true}]}}