{"id":3910,"date":"2023-09-02T13:02:50","date_gmt":"2023-09-02T13:02:50","guid":{"rendered":"https:\/\/www.peorparaelsol.es\/?p=3910"},"modified":"2023-09-05T13:03:13","modified_gmt":"2023-09-05T13:03:13","slug":"concierto-de-andres-suarez-en-las-x-jornadas-sabina-por-aqui","status":"publish","type":"post","link":"https:\/\/www.peorparaelsol.es\/index.php\/2023\/09\/02\/concierto-de-andres-suarez-en-las-x-jornadas-sabina-por-aqui\/","title":{"rendered":"Concierto de Andr\u00e9s Suarez en las X Jornadas Sabina por aqu\u00ed"},"content":{"rendered":"<p>Concierto de Andr\u00e9s Suarez en las X Jornadas Sabina por aqu\u00ed, celebrado en San Lorenzo el 2 de septiembre de 2023.<\/p>\n<p><iframe loading=\"lazy\" title=\"Concierto  Andr\u00e9s  Suarez X Jornadas Sabina por aqu\u00ed, \u00dabeda 02 09 2023\" width=\"1080\" height=\"608\" src=\"https:\/\/www.youtube.com\/embed\/R7Fj4i2gUHI?feature=oembed\"  allow=\"accelerometer; autoplay; clipboard-write; encrypted-media; gyroscope; picture-in-picture; web-share\" allowfullscreen><\/iframe><\/p>\n","protected":false},"excerpt":{"rendered":"<p>Concierto de Andr\u00e9s Suarez en las X Jornadas Sabina por aqu\u00ed, celebrado en San Lorenzo el 2 de septiembre de 2023.<\/p>\n","protected":false},"author":2,"featured_media":3763,"comment_status":"open","ping_status":"open","sticky":false,"template":"","format":"standard","meta":{"_et_pb_use_builder":"","_et_pb_old_content":"","_et_gb_content_width":"","footnotes":""},"categories":[6,32],"tags":[],"class_list":["post-3910","post","type-post","status-publish","format-standard","has-post-thumbnail","hentry","category-blog","category-jornadas-sabina-por-aqui"],"_links":{"self":[{"href":"https:\/\/www.peorparaelsol.es\/index.php\/wp-json\/wp\/v2\/posts\/3910","targetHints":{"allow":["GET"]}}],"collection":[{"href":"https:\/\/www.peorparaelsol.es\/index.php\/wp-json\/wp\/v2\/posts"}],"about":[{"href":"https:\/\/www.peorparaelsol.es\/index.php\/wp-json\/wp\/v2\/types\/post"}],"author":[{"embeddable":true,"href":"https:\/\/www.peorparaelsol.es\/index.php\/wp-json\/wp\/v2\/users\/2"}],"replies":[{"embeddable":true,"href":"https:\/\/www.peorparaelsol.es\/index.php\/wp-json\/wp\/v2\/comments?post=3910"}],"version-history":[{"count":1,"href":"https:\/\/www.peorparaelsol.es\/index.php\/wp-json\/wp\/v2\/posts\/3910\/revisions"}],"predecessor-version":[{"id":3911,"href":"https:\/\/www.peorparaelsol.es\/index.php\/wp-json\/wp\/v2\/posts\/3910\/revisions\/3911"}],"wp:featuredmedia":[{"embeddable":true,"href":"https:\/\/www.peorparaelsol.es\/index.php\/wp-json\/wp\/v2\/media\/3763"}],"wp:attachment":[{"href":"https:\/\/www.peorparaelsol.es\/index.php\/wp-json\/wp\/v2\/media?parent=3910"}],"wp:term":[{"taxonomy":"category","embeddable":true,"href":"https:\/\/www.peorparaelsol.es\/index.php\/wp-json\/wp\/v2\/categories?post=3910"},{"taxonomy":"post_tag","embeddable":true,"href":"https:\/\/www.peorparaelsol.es\/index.php\/wp-json\/wp\/v2\/tags?post=3910"}],"curies":[{"name":"wp","href":"https:\/\/api.w.org\/{rel}","templated":true}]}}